{"id":788,"date":"2025-09-29T14:30:53","date_gmt":"2025-09-29T14:30:53","guid":{"rendered":"https:\/\/www.camping-hauterives.com\/septembre-au-camping-le-chateau-collines-riviere-et-serenite-au-pied-du-palais-ideal\/"},"modified":"2025-10-01T13:12:04","modified_gmt":"2025-10-01T13:12:04","slug":"september-at-camping-le-chateau-hills-river-and-serenity-at-the-foot-of-the-palais-ideal","status":"publish","type":"post","link":"https:\/\/www.camping-hauterives.com\/en\/september-at-camping-le-chateau-hills-river-and-serenity-at-the-foot-of-the-palais-ideal\/","title":{"rendered":"September at Camping Le Ch\u00e2teau: hills, river and serenity at the foot of the Palais Id\u00e9al"},"content":{"rendered":"<p><strong>In September, the Dr\u00f4me des Collines reveals all its beauty:<\/strong><\/p>\n<ul>\n<li>Bright and peaceful mornings<\/li>\n<li>Bike rides or walks through hills and charming villages<\/li>\n<li>Moments of relaxation in our heated pool (until September 7th!)<\/li>\n<li>Friendly evenings at the campsite restaurant (until September 7th)<\/li>\n<li>And soft nights under the starry sky of the Dr\u00f4me\u2026<\/li>\n<\/ul>\n<h2>Our Special September Offers<\/h2>\n<p class=\"subline\">(for 2 people)!<\/p>\n<ul>\n<li>Comfort Couple \u279d \u20ac210\/week<\/li>\n<li>Premium Couple \u279d \u20ac255\/week<\/li>\n<li>Premium Plus Couple with SPA \u279d \u20ac395\/week<\/li>\n<\/ul>\n<p>Imagine\u2026 your morning coffee on the terrace surrounded by greenery, your afternoons filled with beautiful walks and discoveries of the Dr\u00f4me, then your evenings unwinding in your private spa with a good glass of wine.<\/p>\n<p>Come and enjoy this peaceful atmosphere, between nature, simplicity, and authenticity\u2026 before the back-to-school season begins.<\/p>\n<h3>The place: between ch\u00e2teau and countryside<\/h3>\n<ul>\n<li>Large shaded pitches<\/li>\n<li>Cozy mobile homes &amp; nature lodges<\/li>\n<li>Only a 6-minute walk from the Palais Id\u00e9al du Facteur Cheval<\/li>\n<li>Walking distance from the Tuesday morning market<\/li>\n<li>A perfect setting to create real memories<\/li>\n<\/ul>\n<h2>On-site Services<\/h2>\n<p>&nbsp;<\/p>\n<ul>\n<li>Snack bar with pizzas, ice creams, aperitifs (until September 7th)<\/li>\n<li>Volleyball, p\u00e9tanque, table tennis<\/li>\n<li>Play areas<\/li>\n<li>Outdoor fitness zone<\/li>\n<li>Bike rental &amp; rides<\/li>\n<li>Laundry with dryer<\/li>\n<li>Bread &amp; pastries every morning<\/li>\n<li>Reading corner &amp; board games<\/li>\n<li>WiFi, library, caf\u00e9-counter<\/li>\n<li>Heated pool (until September 7th)<\/li>\n<\/ul>\n<p>We can\u2019t wait to welcome you to our haven of nature and ch\u00e2teau.<\/p>\n<p>Wishing everyone a wonderful start to the weekend!<\/p>\n","protected":false},"excerpt":{"rendered":"<p>In September, the Dr\u00f4me des Collines reveals all its beauty: Bright and peaceful mornings Bike rides or walks through hills [&hellip;]<\/p>\n","protected":false},"author":2,"featured_media":785,"comment_status":"open","ping_status":"closed","sticky":false,"template":"","format":"standard","meta":{"_acf_changed":false,"footnotes":""},"categories":[1],"tags":[],"class_list":["post-788","post","type-post","status-publish","format-standard","has-post-thumbnail","hentry","category-news"],"acf":[],"yoast_head":"<!-- This site is optimized with the Yoast SEO plugin v27.3 - https:\/\/yoast.com\/product\/yoast-seo-wordpress\/ -->\n<title>September at Camping Le Ch\u00e2teau: hills, river and serenity at the foot of the Palais Id\u00e9al - Camping Le Ch\u00e2teau<\/title>\n<meta name=\"robots\" content=\"index, follow, max-snippet:-1, max-image-preview:large, max-video-preview:-1\" \/>\n<link rel=\"canonical\" href=\"https:\/\/www.camping-hauterives.com\/en\/september-at-camping-le-chateau-hills-river-and-serenity-at-the-foot-of-the-palais-ideal\/\" \/>\n<meta property=\"og:locale\" content=\"en_US\" \/>\n<meta property=\"og:type\" content=\"article\" \/>\n<meta property=\"og:title\" content=\"September at Camping Le Ch\u00e2teau: hills, river and serenity at the foot of the Palais Id\u00e9al - Camping Le Ch\u00e2teau\" \/>\n<meta property=\"og:description\" content=\"In September, the Dr\u00f4me des Collines reveals all its beauty: Bright and peaceful mornings Bike rides or walks through hills [&hellip;]\" \/>\n<meta property=\"og:url\" content=\"https:\/\/www.camping-hauterives.com\/en\/september-at-camping-le-chateau-hills-river-and-serenity-at-the-foot-of-the-palais-ideal\/\" \/>\n<meta property=\"og:site_name\" content=\"Camping Le Ch\u00e2teau\" \/>\n<meta property=\"article:publisher\" content=\"https:\/\/www.facebook.com\/CampingLeChateau\/\" \/>\n<meta property=\"article:published_time\" content=\"2025-09-29T14:30:53+00:00\" \/>\n<meta property=\"article:modified_time\" content=\"2025-10-01T13:12:04+00:00\" \/>\n<meta property=\"og:image\" content=\"https:\/\/www.camping-hauterives.com\/wp-content\/uploads\/2025\/09\/vacances-location.jpg\" \/>\n\t<meta property=\"og:image:width\" content=\"1440\" \/>\n\t<meta property=\"og:image:height\" content=\"960\" \/>\n\t<meta property=\"og:image:type\" content=\"image\/jpeg\" \/>\n<meta name=\"author\" content=\"webmaster\" \/>\n<meta name=\"twitter:card\" content=\"summary_large_image\" \/>\n<meta name=\"twitter:label1\" content=\"Written by\" \/>\n\t<meta name=\"twitter:data1\" content=\"webmaster\" \/>\n\t<meta name=\"twitter:label2\" content=\"Est. reading time\" \/>\n\t<meta name=\"twitter:data2\" content=\"2 minutes\" \/>\n<script type=\"application\/ld+json\" class=\"yoast-schema-graph\">{\"@context\":\"https:\\\/\\\/schema.org\",\"@graph\":[{\"@type\":\"Article\",\"@id\":\"https:\\\/\\\/www.camping-hauterives.com\\\/en\\\/september-at-camping-le-chateau-hills-river-and-serenity-at-the-foot-of-the-palais-ideal\\\/#article\",\"isPartOf\":{\"@id\":\"https:\\\/\\\/www.camping-hauterives.com\\\/en\\\/september-at-camping-le-chateau-hills-river-and-serenity-at-the-foot-of-the-palais-ideal\\\/\"},\"author\":{\"name\":\"webmaster\",\"@id\":\"https:\\\/\\\/www.camping-hauterives.com\\\/en\\\/#\\\/schema\\\/person\\\/63435c81507fdc1d3c91cd76721f3b89\"},\"headline\":\"September at Camping Le Ch\u00e2teau: hills, river and serenity at the foot of the Palais Id\u00e9al\",\"datePublished\":\"2025-09-29T14:30:53+00:00\",\"dateModified\":\"2025-10-01T13:12:04+00:00\",\"mainEntityOfPage\":{\"@id\":\"https:\\\/\\\/www.camping-hauterives.com\\\/en\\\/september-at-camping-le-chateau-hills-river-and-serenity-at-the-foot-of-the-palais-ideal\\\/\"},\"wordCount\":256,\"commentCount\":0,\"publisher\":{\"@id\":\"https:\\\/\\\/www.camping-hauterives.com\\\/en\\\/#organization\"},\"image\":{\"@id\":\"https:\\\/\\\/www.camping-hauterives.com\\\/en\\\/september-at-camping-le-chateau-hills-river-and-serenity-at-the-foot-of-the-palais-ideal\\\/#primaryimage\"},\"thumbnailUrl\":\"https:\\\/\\\/www.camping-hauterives.com\\\/wp-content\\\/uploads\\\/2025\\\/09\\\/vacances-location.jpg\",\"articleSection\":[\"News\"],\"inLanguage\":\"en-US\",\"potentialAction\":[{\"@type\":\"CommentAction\",\"name\":\"Comment\",\"target\":[\"https:\\\/\\\/www.camping-hauterives.com\\\/en\\\/september-at-camping-le-chateau-hills-river-and-serenity-at-the-foot-of-the-palais-ideal\\\/#respond\"]}]},{\"@type\":\"WebPage\",\"@id\":\"https:\\\/\\\/www.camping-hauterives.com\\\/en\\\/september-at-camping-le-chateau-hills-river-and-serenity-at-the-foot-of-the-palais-ideal\\\/\",\"url\":\"https:\\\/\\\/www.camping-hauterives.com\\\/en\\\/september-at-camping-le-chateau-hills-river-and-serenity-at-the-foot-of-the-palais-ideal\\\/\",\"name\":\"September at Camping Le Ch\u00e2teau: hills, river and serenity at the foot of the Palais Id\u00e9al - Camping Le Ch\u00e2teau\",\"isPartOf\":{\"@id\":\"https:\\\/\\\/www.camping-hauterives.com\\\/en\\\/#website\"},\"primaryImageOfPage\":{\"@id\":\"https:\\\/\\\/www.camping-hauterives.com\\\/en\\\/september-at-camping-le-chateau-hills-river-and-serenity-at-the-foot-of-the-palais-ideal\\\/#primaryimage\"},\"image\":{\"@id\":\"https:\\\/\\\/www.camping-hauterives.com\\\/en\\\/september-at-camping-le-chateau-hills-river-and-serenity-at-the-foot-of-the-palais-ideal\\\/#primaryimage\"},\"thumbnailUrl\":\"https:\\\/\\\/www.camping-hauterives.com\\\/wp-content\\\/uploads\\\/2025\\\/09\\\/vacances-location.jpg\",\"datePublished\":\"2025-09-29T14:30:53+00:00\",\"dateModified\":\"2025-10-01T13:12:04+00:00\",\"breadcrumb\":{\"@id\":\"https:\\\/\\\/www.camping-hauterives.com\\\/en\\\/september-at-camping-le-chateau-hills-river-and-serenity-at-the-foot-of-the-palais-ideal\\\/#breadcrumb\"},\"inLanguage\":\"en-US\",\"potentialAction\":[{\"@type\":\"ReadAction\",\"target\":[\"https:\\\/\\\/www.camping-hauterives.com\\\/en\\\/september-at-camping-le-chateau-hills-river-and-serenity-at-the-foot-of-the-palais-ideal\\\/\"]}]},{\"@type\":\"ImageObject\",\"inLanguage\":\"en-US\",\"@id\":\"https:\\\/\\\/www.camping-hauterives.com\\\/en\\\/september-at-camping-le-chateau-hills-river-and-serenity-at-the-foot-of-the-palais-ideal\\\/#primaryimage\",\"url\":\"https:\\\/\\\/www.camping-hauterives.com\\\/wp-content\\\/uploads\\\/2025\\\/09\\\/vacances-location.jpg\",\"contentUrl\":\"https:\\\/\\\/www.camping-hauterives.com\\\/wp-content\\\/uploads\\\/2025\\\/09\\\/vacances-location.jpg\",\"width\":1440,\"height\":960},{\"@type\":\"BreadcrumbList\",\"@id\":\"https:\\\/\\\/www.camping-hauterives.com\\\/en\\\/september-at-camping-le-chateau-hills-river-and-serenity-at-the-foot-of-the-palais-ideal\\\/#breadcrumb\",\"itemListElement\":[{\"@type\":\"ListItem\",\"position\":1,\"name\":\"Home\",\"item\":\"https:\\\/\\\/www.camping-hauterives.com\\\/en\\\/\"},{\"@type\":\"ListItem\",\"position\":2,\"name\":\"News\",\"item\":\"https:\\\/\\\/www.camping-hauterives.com\\\/en\\\/category\\\/news\\\/\"},{\"@type\":\"ListItem\",\"position\":3,\"name\":\"September at Camping Le Ch\u00e2teau: hills, river and serenity at the foot of the Palais Id\u00e9al\"}]},{\"@type\":\"WebSite\",\"@id\":\"https:\\\/\\\/www.camping-hauterives.com\\\/en\\\/#website\",\"url\":\"https:\\\/\\\/www.camping-hauterives.com\\\/en\\\/\",\"name\":\"Camping Le Ch\u00e2teau\",\"description\":\"Camping 3 \u00e9toiles Hauterives\",\"publisher\":{\"@id\":\"https:\\\/\\\/www.camping-hauterives.com\\\/en\\\/#organization\"},\"potentialAction\":[{\"@type\":\"SearchAction\",\"target\":{\"@type\":\"EntryPoint\",\"urlTemplate\":\"https:\\\/\\\/www.camping-hauterives.com\\\/en\\\/?s={search_term_string}\"},\"query-input\":{\"@type\":\"PropertyValueSpecification\",\"valueRequired\":true,\"valueName\":\"search_term_string\"}}],\"inLanguage\":\"en-US\"},{\"@type\":\"Organization\",\"@id\":\"https:\\\/\\\/www.camping-hauterives.com\\\/en\\\/#organization\",\"name\":\"Camping Le Ch\u00e2teau\",\"url\":\"https:\\\/\\\/www.camping-hauterives.com\\\/en\\\/\",\"logo\":{\"@type\":\"ImageObject\",\"inLanguage\":\"en-US\",\"@id\":\"https:\\\/\\\/www.camping-hauterives.com\\\/en\\\/#\\\/schema\\\/logo\\\/image\\\/\",\"url\":\"https:\\\/\\\/www.camping-hauterives.com\\\/wp-content\\\/uploads\\\/2025\\\/11\\\/Camping-Le-Chateau-logo.jpg\",\"contentUrl\":\"https:\\\/\\\/www.camping-hauterives.com\\\/wp-content\\\/uploads\\\/2025\\\/11\\\/Camping-Le-Chateau-logo.jpg\",\"width\":696,\"height\":696,\"caption\":\"Camping Le Ch\u00e2teau\"},\"image\":{\"@id\":\"https:\\\/\\\/www.camping-hauterives.com\\\/en\\\/#\\\/schema\\\/logo\\\/image\\\/\"},\"sameAs\":[\"https:\\\/\\\/www.facebook.com\\\/CampingLeChateau\\\/\",\"https:\\\/\\\/www.instagram.com\\\/campinglechateau\\\/\"]},{\"@type\":\"Person\",\"@id\":\"https:\\\/\\\/www.camping-hauterives.com\\\/en\\\/#\\\/schema\\\/person\\\/63435c81507fdc1d3c91cd76721f3b89\",\"name\":\"webmaster\"}]}<\/script>\n<!-- \/ Yoast SEO plugin. -->","yoast_head_json":{"title":"September at Camping Le Ch\u00e2teau: hills, river and serenity at the foot of the Palais Id\u00e9al - Camping Le Ch\u00e2teau","robots":{"index":"index","follow":"follow","max-snippet":"max-snippet:-1","max-image-preview":"max-image-preview:large","max-video-preview":"max-video-preview:-1"},"canonical":"https:\/\/www.camping-hauterives.com\/en\/september-at-camping-le-chateau-hills-river-and-serenity-at-the-foot-of-the-palais-ideal\/","og_locale":"en_US","og_type":"article","og_title":"September at Camping Le Ch\u00e2teau: hills, river and serenity at the foot of the Palais Id\u00e9al - Camping Le Ch\u00e2teau","og_description":"In September, the Dr\u00f4me des Collines reveals all its beauty: Bright and peaceful mornings Bike rides or walks through hills [&hellip;]","og_url":"https:\/\/www.camping-hauterives.com\/en\/september-at-camping-le-chateau-hills-river-and-serenity-at-the-foot-of-the-palais-ideal\/","og_site_name":"Camping Le Ch\u00e2teau","article_publisher":"https:\/\/www.facebook.com\/CampingLeChateau\/","article_published_time":"2025-09-29T14:30:53+00:00","article_modified_time":"2025-10-01T13:12:04+00:00","og_image":[{"width":1440,"height":960,"url":"https:\/\/www.camping-hauterives.com\/wp-content\/uploads\/2025\/09\/vacances-location.jpg","type":"image\/jpeg"}],"author":"webmaster","twitter_card":"summary_large_image","twitter_misc":{"Written by":"webmaster","Est. reading time":"2 minutes"},"schema":{"@context":"https:\/\/schema.org","@graph":[{"@type":"Article","@id":"https:\/\/www.camping-hauterives.com\/en\/september-at-camping-le-chateau-hills-river-and-serenity-at-the-foot-of-the-palais-ideal\/#article","isPartOf":{"@id":"https:\/\/www.camping-hauterives.com\/en\/september-at-camping-le-chateau-hills-river-and-serenity-at-the-foot-of-the-palais-ideal\/"},"author":{"name":"webmaster","@id":"https:\/\/www.camping-hauterives.com\/en\/#\/schema\/person\/63435c81507fdc1d3c91cd76721f3b89"},"headline":"September at Camping Le Ch\u00e2teau: hills, river and serenity at the foot of the Palais Id\u00e9al","datePublished":"2025-09-29T14:30:53+00:00","dateModified":"2025-10-01T13:12:04+00:00","mainEntityOfPage":{"@id":"https:\/\/www.camping-hauterives.com\/en\/september-at-camping-le-chateau-hills-river-and-serenity-at-the-foot-of-the-palais-ideal\/"},"wordCount":256,"commentCount":0,"publisher":{"@id":"https:\/\/www.camping-hauterives.com\/en\/#organization"},"image":{"@id":"https:\/\/www.camping-hauterives.com\/en\/september-at-camping-le-chateau-hills-river-and-serenity-at-the-foot-of-the-palais-ideal\/#primaryimage"},"thumbnailUrl":"https:\/\/www.camping-hauterives.com\/wp-content\/uploads\/2025\/09\/vacances-location.jpg","articleSection":["News"],"inLanguage":"en-US","potentialAction":[{"@type":"CommentAction","name":"Comment","target":["https:\/\/www.camping-hauterives.com\/en\/september-at-camping-le-chateau-hills-river-and-serenity-at-the-foot-of-the-palais-ideal\/#respond"]}]},{"@type":"WebPage","@id":"https:\/\/www.camping-hauterives.com\/en\/september-at-camping-le-chateau-hills-river-and-serenity-at-the-foot-of-the-palais-ideal\/","url":"https:\/\/www.camping-hauterives.com\/en\/september-at-camping-le-chateau-hills-river-and-serenity-at-the-foot-of-the-palais-ideal\/","name":"September at Camping Le Ch\u00e2teau: hills, river and serenity at the foot of the Palais Id\u00e9al - Camping Le Ch\u00e2teau","isPartOf":{"@id":"https:\/\/www.camping-hauterives.com\/en\/#website"},"primaryImageOfPage":{"@id":"https:\/\/www.camping-hauterives.com\/en\/september-at-camping-le-chateau-hills-river-and-serenity-at-the-foot-of-the-palais-ideal\/#primaryimage"},"image":{"@id":"https:\/\/www.camping-hauterives.com\/en\/september-at-camping-le-chateau-hills-river-and-serenity-at-the-foot-of-the-palais-ideal\/#primaryimage"},"thumbnailUrl":"https:\/\/www.camping-hauterives.com\/wp-content\/uploads\/2025\/09\/vacances-location.jpg","datePublished":"2025-09-29T14:30:53+00:00","dateModified":"2025-10-01T13:12:04+00:00","breadcrumb":{"@id":"https:\/\/www.camping-hauterives.com\/en\/september-at-camping-le-chateau-hills-river-and-serenity-at-the-foot-of-the-palais-ideal\/#breadcrumb"},"inLanguage":"en-US","potentialAction":[{"@type":"ReadAction","target":["https:\/\/www.camping-hauterives.com\/en\/september-at-camping-le-chateau-hills-river-and-serenity-at-the-foot-of-the-palais-ideal\/"]}]},{"@type":"ImageObject","inLanguage":"en-US","@id":"https:\/\/www.camping-hauterives.com\/en\/september-at-camping-le-chateau-hills-river-and-serenity-at-the-foot-of-the-palais-ideal\/#primaryimage","url":"https:\/\/www.camping-hauterives.com\/wp-content\/uploads\/2025\/09\/vacances-location.jpg","contentUrl":"https:\/\/www.camping-hauterives.com\/wp-content\/uploads\/2025\/09\/vacances-location.jpg","width":1440,"height":960},{"@type":"BreadcrumbList","@id":"https:\/\/www.camping-hauterives.com\/en\/september-at-camping-le-chateau-hills-river-and-serenity-at-the-foot-of-the-palais-ideal\/#breadcrumb","itemListElement":[{"@type":"ListItem","position":1,"name":"Home","item":"https:\/\/www.camping-hauterives.com\/en\/"},{"@type":"ListItem","position":2,"name":"News","item":"https:\/\/www.camping-hauterives.com\/en\/category\/news\/"},{"@type":"ListItem","position":3,"name":"September at Camping Le Ch\u00e2teau: hills, river and serenity at the foot of the Palais Id\u00e9al"}]},{"@type":"WebSite","@id":"https:\/\/www.camping-hauterives.com\/en\/#website","url":"https:\/\/www.camping-hauterives.com\/en\/","name":"Camping Le Ch\u00e2teau","description":"Camping 3 \u00e9toiles Hauterives","publisher":{"@id":"https:\/\/www.camping-hauterives.com\/en\/#organization"},"potentialAction":[{"@type":"SearchAction","target":{"@type":"EntryPoint","urlTemplate":"https:\/\/www.camping-hauterives.com\/en\/?s={search_term_string}"},"query-input":{"@type":"PropertyValueSpecification","valueRequired":true,"valueName":"search_term_string"}}],"inLanguage":"en-US"},{"@type":"Organization","@id":"https:\/\/www.camping-hauterives.com\/en\/#organization","name":"Camping Le Ch\u00e2teau","url":"https:\/\/www.camping-hauterives.com\/en\/","logo":{"@type":"ImageObject","inLanguage":"en-US","@id":"https:\/\/www.camping-hauterives.com\/en\/#\/schema\/logo\/image\/","url":"https:\/\/www.camping-hauterives.com\/wp-content\/uploads\/2025\/11\/Camping-Le-Chateau-logo.jpg","contentUrl":"https:\/\/www.camping-hauterives.com\/wp-content\/uploads\/2025\/11\/Camping-Le-Chateau-logo.jpg","width":696,"height":696,"caption":"Camping Le Ch\u00e2teau"},"image":{"@id":"https:\/\/www.camping-hauterives.com\/en\/#\/schema\/logo\/image\/"},"sameAs":["https:\/\/www.facebook.com\/CampingLeChateau\/","https:\/\/www.instagram.com\/campinglechateau\/"]},{"@type":"Person","@id":"https:\/\/www.camping-hauterives.com\/en\/#\/schema\/person\/63435c81507fdc1d3c91cd76721f3b89","name":"webmaster"}]}},"_links":{"self":[{"href":"https:\/\/www.camping-hauterives.com\/en\/wp-json\/wp\/v2\/posts\/788","targetHints":{"allow":["GET"]}}],"collection":[{"href":"https:\/\/www.camping-hauterives.com\/en\/wp-json\/wp\/v2\/posts"}],"about":[{"href":"https:\/\/www.camping-hauterives.com\/en\/wp-json\/wp\/v2\/types\/post"}],"author":[{"embeddable":true,"href":"https:\/\/www.camping-hauterives.com\/en\/wp-json\/wp\/v2\/users\/2"}],"replies":[{"embeddable":true,"href":"https:\/\/www.camping-hauterives.com\/en\/wp-json\/wp\/v2\/comments?post=788"}],"version-history":[{"count":2,"href":"https:\/\/www.camping-hauterives.com\/en\/wp-json\/wp\/v2\/posts\/788\/revisions"}],"predecessor-version":[{"id":1972,"href":"https:\/\/www.camping-hauterives.com\/en\/wp-json\/wp\/v2\/posts\/788\/revisions\/1972"}],"wp:featuredmedia":[{"embeddable":true,"href":"https:\/\/www.camping-hauterives.com\/en\/wp-json\/wp\/v2\/media\/785"}],"wp:attachment":[{"href":"https:\/\/www.camping-hauterives.com\/en\/wp-json\/wp\/v2\/media?parent=788"}],"wp:term":[{"taxonomy":"category","embeddable":true,"href":"https:\/\/www.camping-hauterives.com\/en\/wp-json\/wp\/v2\/categories?post=788"},{"taxonomy":"post_tag","embeddable":true,"href":"https:\/\/www.camping-hauterives.com\/en\/wp-json\/wp\/v2\/tags?post=788"}],"curies":[{"name":"wp","href":"https:\/\/api.w.org\/{rel}","templated":true}]}}